{"id":12110,"date":"2025-11-04T12:54:52","date_gmt":"2025-11-04T12:54:52","guid":{"rendered":"https:\/\/visitaterracha.com\/os-anacos-do-belen\/"},"modified":"2025-11-15T17:57:46","modified_gmt":"2025-11-15T17:57:46","slug":"os-anacos-do-belen","status":"publish","type":"post","link":"https:\/\/visitaterracha.com\/gl\/os-anacos-do-belen\/","title":{"rendered":"Os Anacos do Bel\u00e9n"},"content":{"rendered":"\t\t<div data-elementor-type=\"wp-post\" data-elementor-id=\"12110\" class=\"elementor elementor-12110 elementor-9750\" data-elementor-post-type=\"post\">\n\t\t\t\t<div class=\"elementor-element elementor-element-66dfb7a5 e-flex e-con-boxed e-con e-parent\" data-id=\"66dfb7a5\" data-element_type=\"container\" data-e-type=\"container\" data-settings=\"{&quot;background_background&quot;:&quot;classic&quot;}\">\n\t\t\t\t\t<div class=\"e-con-inner\">\n\t\t<div class=\"elementor-element elementor-element-3833feb5 e-con-full e-flex e-con e-child\" data-id=\"3833feb5\" data-element_type=\"container\" data-e-type=\"container\">\n\t\t<div class=\"elementor-element elementor-element-27d68295 e-con-full e-flex e-con e-child\" data-id=\"27d68295\" data-element_type=\"container\" data-e-type=\"container\">\n\t\t\t\t<\/div>\n\t\t<div class=\"elementor-element elementor-element-30aa326f e-con-full e-flex e-con e-child\" data-id=\"30aa326f\" data-element_type=\"container\" data-e-type=\"container\">\n\t\t\t\t<div class=\"elementor-element elementor-element-47b224e6 elementor-widget elementor-widget-text-editor\" data-id=\"47b224e6\" data-element_type=\"widget\" data-e-type=\"widget\" data-widget_type=\"text-editor.default\">\n\t\t\t\t\t\t\t\t\t<p>Ruta dos Anacos do Bel\u00e9n<\/p>\t\t\t\t\t\t\t\t<\/div>\n\t\t\t\t<\/div>\n\t\t<a class=\"elementor-element elementor-element-193acf8 e-con-full e-flex e-con e-child\" data-id=\"193acf8\" data-element_type=\"container\" data-e-type=\"container\" href=\"https:\/\/maps.app.goo.gl\/u5Mvjw2yyckQoHFw9\" target=\"_blank\">\n\t\t\t\t<div class=\"elementor-element elementor-element-6a3f98c elementor-widget elementor-widget-text-editor\" data-id=\"6a3f98c\" data-element_type=\"widget\" data-e-type=\"widget\" data-widget_type=\"text-editor.default\">\n\t\t\t\t\t\t\t\t\t<p>Co\u00f1ece o concello de Begonte a trav\u00e9s da s\u00faa ruta escult\u00f3rica <strong>Anacos do Bel\u00e9n<\/strong>. Cada unha das 19 parroquias de Begonte acolle unha gran talla en madeira realizada polo artista C\u00e9sar Lorenzana, creada arredor do universo do Bel\u00e9n e da tradici\u00f3n rural chairega. <\/p>\t\t\t\t\t\t\t\t<\/div>\n\t\t\t\t<\/a>\n\t\t\t\t<\/div>\n\t\t\t\t\t<\/div>\n\t\t\t\t<\/div>\n\t\t\t\t<\/div>\n\t\t","protected":false},"excerpt":{"rendered":"<p>Ruta dos Anacos do Bel\u00e9n Co\u00f1ece o concello de Begonte a trav\u00e9s da s\u00faa ruta escult\u00f3rica Anacos do Bel\u00e9n. Cada unha das 19 parroquias de Begonte acolle unha gran talla en madeira realizada polo artista C\u00e9sar Lorenzana, creada arredor do universo do Bel\u00e9n e da tradici\u00f3n rural chairega.<\/p>\n","protected":false},"author":1,"featured_media":0,"comment_status":"closed","ping_status":"closed","sticky":false,"template":"","format":"standard","meta":{"footnotes":""},"categories":[31],"tags":[43],"class_list":["post-12110","post","type-post","status-publish","format-standard","hentry","category-begonte","tag-patrimonio"],"yoast_head":"<!-- This site is optimized with the Yoast SEO plugin v27.5 - https:\/\/yoast.com\/product\/yoast-seo-wordpress\/ -->\n<title>Os Anacos do Bel\u00e9n - Visit A Terra Ch\u00e1<\/title>\n<meta name=\"robots\" content=\"index, follow, max-snippet:-1, max-image-preview:large, max-video-preview:-1\" \/>\n<link rel=\"canonical\" href=\"https:\/\/visitaterracha.com\/gl\/os-anacos-do-belen\/\" \/>\n<meta property=\"og:locale\" content=\"gl_ES\" \/>\n<meta property=\"og:type\" content=\"article\" \/>\n<meta property=\"og:title\" content=\"Os Anacos do Bel\u00e9n - Visit A Terra Ch\u00e1\" \/>\n<meta property=\"og:description\" content=\"Ruta dos Anacos do Bel\u00e9n Co\u00f1ece o concello de Begonte a trav\u00e9s da s\u00faa ruta escult\u00f3rica Anacos do Bel\u00e9n. Cada unha das 19 parroquias de Begonte acolle unha gran talla en madeira realizada polo artista C\u00e9sar Lorenzana, creada arredor do universo do Bel\u00e9n e da tradici\u00f3n rural chairega.\" \/>\n<meta property=\"og:url\" content=\"https:\/\/visitaterracha.com\/gl\/os-anacos-do-belen\/\" \/>\n<meta property=\"og:site_name\" content=\"Visit A Terra Ch\u00e1\" \/>\n<meta property=\"article:published_time\" content=\"2025-11-04T12:54:52+00:00\" \/>\n<meta property=\"article:modified_time\" content=\"2025-11-15T17:57:46+00:00\" \/>\n<meta name=\"author\" content=\"soporte@estudioboconti.com\" \/>\n<meta name=\"twitter:card\" content=\"summary_large_image\" \/>\n<meta name=\"twitter:label1\" content=\"Escrito por\" \/>\n\t<meta name=\"twitter:data1\" content=\"soporte@estudioboconti.com\" \/>\n<script type=\"application\/ld+json\" class=\"yoast-schema-graph\">{\"@context\":\"https:\\\/\\\/schema.org\",\"@graph\":[{\"@type\":\"Article\",\"@id\":\"https:\\\/\\\/visitaterracha.com\\\/gl\\\/os-anacos-do-belen\\\/#article\",\"isPartOf\":{\"@id\":\"https:\\\/\\\/visitaterracha.com\\\/gl\\\/os-anacos-do-belen\\\/\"},\"author\":{\"name\":\"soporte@estudioboconti.com\",\"@id\":\"https:\\\/\\\/visitaterracha.com\\\/gl\\\/#\\\/schema\\\/person\\\/8fc14bd4255f47b4aa236e1abcfed349\"},\"headline\":\"Os Anacos do Bel\u00e9n\",\"datePublished\":\"2025-11-04T12:54:52+00:00\",\"dateModified\":\"2025-11-15T17:57:46+00:00\",\"mainEntityOfPage\":{\"@id\":\"https:\\\/\\\/visitaterracha.com\\\/gl\\\/os-anacos-do-belen\\\/\"},\"wordCount\":61,\"publisher\":{\"@id\":\"https:\\\/\\\/visitaterracha.com\\\/gl\\\/#organization\"},\"keywords\":[\"Patrimonio\"],\"articleSection\":[\"Begonte\"],\"inLanguage\":\"gl-ES\"},{\"@type\":\"WebPage\",\"@id\":\"https:\\\/\\\/visitaterracha.com\\\/gl\\\/os-anacos-do-belen\\\/\",\"url\":\"https:\\\/\\\/visitaterracha.com\\\/gl\\\/os-anacos-do-belen\\\/\",\"name\":\"Os Anacos do Bel\u00e9n - Visit A Terra Ch\u00e1\",\"isPartOf\":{\"@id\":\"https:\\\/\\\/visitaterracha.com\\\/gl\\\/#website\"},\"datePublished\":\"2025-11-04T12:54:52+00:00\",\"dateModified\":\"2025-11-15T17:57:46+00:00\",\"breadcrumb\":{\"@id\":\"https:\\\/\\\/visitaterracha.com\\\/gl\\\/os-anacos-do-belen\\\/#breadcrumb\"},\"inLanguage\":\"gl-ES\",\"potentialAction\":[{\"@type\":\"ReadAction\",\"target\":[\"https:\\\/\\\/visitaterracha.com\\\/gl\\\/os-anacos-do-belen\\\/\"]}]},{\"@type\":\"BreadcrumbList\",\"@id\":\"https:\\\/\\\/visitaterracha.com\\\/gl\\\/os-anacos-do-belen\\\/#breadcrumb\",\"itemListElement\":[{\"@type\":\"ListItem\",\"position\":1,\"name\":\"Portada\",\"item\":\"https:\\\/\\\/visitaterracha.com\\\/gl\\\/visita-a-terra-cha-paxina-oficial-de-turismo-do-gdr-terra-cha\\\/\"},{\"@type\":\"ListItem\",\"position\":2,\"name\":\"Os Anacos do Bel\u00e9n\"}]},{\"@type\":\"WebSite\",\"@id\":\"https:\\\/\\\/visitaterracha.com\\\/gl\\\/#website\",\"url\":\"https:\\\/\\\/visitaterracha.com\\\/gl\\\/\",\"name\":\"Visit A Terra Ch\u00e1\",\"description\":\"\",\"publisher\":{\"@id\":\"https:\\\/\\\/visitaterracha.com\\\/gl\\\/#organization\"},\"potentialAction\":[{\"@type\":\"SearchAction\",\"target\":{\"@type\":\"EntryPoint\",\"urlTemplate\":\"https:\\\/\\\/visitaterracha.com\\\/gl\\\/?s={search_term_string}\"},\"query-input\":{\"@type\":\"PropertyValueSpecification\",\"valueRequired\":true,\"valueName\":\"search_term_string\"}}],\"inLanguage\":\"gl-ES\"},{\"@type\":\"Organization\",\"@id\":\"https:\\\/\\\/visitaterracha.com\\\/gl\\\/#organization\",\"name\":\"Visit A Terra Ch\u00e1\",\"url\":\"https:\\\/\\\/visitaterracha.com\\\/gl\\\/\",\"logo\":{\"@type\":\"ImageObject\",\"inLanguage\":\"gl-ES\",\"@id\":\"https:\\\/\\\/visitaterracha.com\\\/gl\\\/#\\\/schema\\\/logo\\\/image\\\/\",\"url\":\"https:\\\/\\\/visitaterracha.com\\\/wp-content\\\/uploads\\\/2025\\\/09\\\/Visitiaterracha.svg\",\"contentUrl\":\"https:\\\/\\\/visitaterracha.com\\\/wp-content\\\/uploads\\\/2025\\\/09\\\/Visitiaterracha.svg\",\"width\":100,\"height\":100,\"caption\":\"Visit A Terra Ch\u00e1\"},\"image\":{\"@id\":\"https:\\\/\\\/visitaterracha.com\\\/gl\\\/#\\\/schema\\\/logo\\\/image\\\/\"}},{\"@type\":\"Person\",\"@id\":\"https:\\\/\\\/visitaterracha.com\\\/gl\\\/#\\\/schema\\\/person\\\/8fc14bd4255f47b4aa236e1abcfed349\",\"name\":\"soporte@estudioboconti.com\",\"sameAs\":[\"http:\\\/\\\/visitaterracha.com\"],\"url\":\"https:\\\/\\\/visitaterracha.com\\\/gl\\\/author\\\/soporteestudioboconti-com\\\/\"}]}<\/script>\n<!-- \/ Yoast SEO plugin. -->","yoast_head_json":{"title":"Os Anacos do Bel\u00e9n - Visit A Terra Ch\u00e1","robots":{"index":"index","follow":"follow","max-snippet":"max-snippet:-1","max-image-preview":"max-image-preview:large","max-video-preview":"max-video-preview:-1"},"canonical":"https:\/\/visitaterracha.com\/gl\/os-anacos-do-belen\/","og_locale":"gl_ES","og_type":"article","og_title":"Os Anacos do Bel\u00e9n - Visit A Terra Ch\u00e1","og_description":"Ruta dos Anacos do Bel\u00e9n Co\u00f1ece o concello de Begonte a trav\u00e9s da s\u00faa ruta escult\u00f3rica Anacos do Bel\u00e9n. Cada unha das 19 parroquias de Begonte acolle unha gran talla en madeira realizada polo artista C\u00e9sar Lorenzana, creada arredor do universo do Bel\u00e9n e da tradici\u00f3n rural chairega.","og_url":"https:\/\/visitaterracha.com\/gl\/os-anacos-do-belen\/","og_site_name":"Visit A Terra Ch\u00e1","article_published_time":"2025-11-04T12:54:52+00:00","article_modified_time":"2025-11-15T17:57:46+00:00","author":"soporte@estudioboconti.com","twitter_card":"summary_large_image","twitter_misc":{"Escrito por":"soporte@estudioboconti.com"},"schema":{"@context":"https:\/\/schema.org","@graph":[{"@type":"Article","@id":"https:\/\/visitaterracha.com\/gl\/os-anacos-do-belen\/#article","isPartOf":{"@id":"https:\/\/visitaterracha.com\/gl\/os-anacos-do-belen\/"},"author":{"name":"soporte@estudioboconti.com","@id":"https:\/\/visitaterracha.com\/gl\/#\/schema\/person\/8fc14bd4255f47b4aa236e1abcfed349"},"headline":"Os Anacos do Bel\u00e9n","datePublished":"2025-11-04T12:54:52+00:00","dateModified":"2025-11-15T17:57:46+00:00","mainEntityOfPage":{"@id":"https:\/\/visitaterracha.com\/gl\/os-anacos-do-belen\/"},"wordCount":61,"publisher":{"@id":"https:\/\/visitaterracha.com\/gl\/#organization"},"keywords":["Patrimonio"],"articleSection":["Begonte"],"inLanguage":"gl-ES"},{"@type":"WebPage","@id":"https:\/\/visitaterracha.com\/gl\/os-anacos-do-belen\/","url":"https:\/\/visitaterracha.com\/gl\/os-anacos-do-belen\/","name":"Os Anacos do Bel\u00e9n - Visit A Terra Ch\u00e1","isPartOf":{"@id":"https:\/\/visitaterracha.com\/gl\/#website"},"datePublished":"2025-11-04T12:54:52+00:00","dateModified":"2025-11-15T17:57:46+00:00","breadcrumb":{"@id":"https:\/\/visitaterracha.com\/gl\/os-anacos-do-belen\/#breadcrumb"},"inLanguage":"gl-ES","potentialAction":[{"@type":"ReadAction","target":["https:\/\/visitaterracha.com\/gl\/os-anacos-do-belen\/"]}]},{"@type":"BreadcrumbList","@id":"https:\/\/visitaterracha.com\/gl\/os-anacos-do-belen\/#breadcrumb","itemListElement":[{"@type":"ListItem","position":1,"name":"Portada","item":"https:\/\/visitaterracha.com\/gl\/visita-a-terra-cha-paxina-oficial-de-turismo-do-gdr-terra-cha\/"},{"@type":"ListItem","position":2,"name":"Os Anacos do Bel\u00e9n"}]},{"@type":"WebSite","@id":"https:\/\/visitaterracha.com\/gl\/#website","url":"https:\/\/visitaterracha.com\/gl\/","name":"Visit A Terra Ch\u00e1","description":"","publisher":{"@id":"https:\/\/visitaterracha.com\/gl\/#organization"},"potentialAction":[{"@type":"SearchAction","target":{"@type":"EntryPoint","urlTemplate":"https:\/\/visitaterracha.com\/gl\/?s={search_term_string}"},"query-input":{"@type":"PropertyValueSpecification","valueRequired":true,"valueName":"search_term_string"}}],"inLanguage":"gl-ES"},{"@type":"Organization","@id":"https:\/\/visitaterracha.com\/gl\/#organization","name":"Visit A Terra Ch\u00e1","url":"https:\/\/visitaterracha.com\/gl\/","logo":{"@type":"ImageObject","inLanguage":"gl-ES","@id":"https:\/\/visitaterracha.com\/gl\/#\/schema\/logo\/image\/","url":"https:\/\/visitaterracha.com\/wp-content\/uploads\/2025\/09\/Visitiaterracha.svg","contentUrl":"https:\/\/visitaterracha.com\/wp-content\/uploads\/2025\/09\/Visitiaterracha.svg","width":100,"height":100,"caption":"Visit A Terra Ch\u00e1"},"image":{"@id":"https:\/\/visitaterracha.com\/gl\/#\/schema\/logo\/image\/"}},{"@type":"Person","@id":"https:\/\/visitaterracha.com\/gl\/#\/schema\/person\/8fc14bd4255f47b4aa236e1abcfed349","name":"soporte@estudioboconti.com","sameAs":["http:\/\/visitaterracha.com"],"url":"https:\/\/visitaterracha.com\/gl\/author\/soporteestudioboconti-com\/"}]}},"_links":{"self":[{"href":"https:\/\/visitaterracha.com\/gl\/wp-json\/wp\/v2\/posts\/12110","targetHints":{"allow":["GET"]}}],"collection":[{"href":"https:\/\/visitaterracha.com\/gl\/wp-json\/wp\/v2\/posts"}],"about":[{"href":"https:\/\/visitaterracha.com\/gl\/wp-json\/wp\/v2\/types\/post"}],"author":[{"embeddable":true,"href":"https:\/\/visitaterracha.com\/gl\/wp-json\/wp\/v2\/users\/1"}],"replies":[{"embeddable":true,"href":"https:\/\/visitaterracha.com\/gl\/wp-json\/wp\/v2\/comments?post=12110"}],"version-history":[{"count":1,"href":"https:\/\/visitaterracha.com\/gl\/wp-json\/wp\/v2\/posts\/12110\/revisions"}],"predecessor-version":[{"id":12112,"href":"https:\/\/visitaterracha.com\/gl\/wp-json\/wp\/v2\/posts\/12110\/revisions\/12112"}],"wp:attachment":[{"href":"https:\/\/visitaterracha.com\/gl\/wp-json\/wp\/v2\/media?parent=12110"}],"wp:term":[{"taxonomy":"category","embeddable":true,"href":"https:\/\/visitaterracha.com\/gl\/wp-json\/wp\/v2\/categories?post=12110"},{"taxonomy":"post_tag","embeddable":true,"href":"https:\/\/visitaterracha.com\/gl\/wp-json\/wp\/v2\/tags?post=12110"}],"curies":[{"name":"wp","href":"https:\/\/api.w.org\/{rel}","templated":true}]}}